{"id":1493,"date":"2026-01-07T12:56:01","date_gmt":"2026-01-07T11:56:01","guid":{"rendered":"https:\/\/www.castelloconti.it\/?p=1493"},"modified":"2026-03-22T13:22:40","modified_gmt":"2026-03-22T12:22:40","slug":"sabato-21-febbraio-a-qualcuno-piace-fred","status":"publish","type":"post","link":"https:\/\/www.castelloconti.it\/en\/sabato-21-febbraio-a-qualcuno-piace-fred\/","title":{"rendered":"sabato 21 febbraio, ore 21.00: A qualcuno piace Fred"},"content":{"rendered":"<p style=\"text-align: left;\" data-start=\"243\" data-end=\"392\">Nell\u2019ultimo concerto di fine anno, per una notte, non siete stati semplici ospiti, ma clienti abituali di un locale immaginario, sospeso nel tempo. Ora quel locale riapre le porte al mito di <strong data-start=\"455\" data-end=\"496\"><span class=\"hover:entity-accent entity-underline inline cursor-pointer align-baseline\"><span class=\"whitespace-normal\">Fred Buscaglione<\/span><\/span><\/strong>.<\/p>\n<p data-start=\"243\" data-end=\"392\"><img loading=\"lazy\" decoding=\"async\" class=\"size-medium wp-image-1501 aligncenter\" src=\"http:\/\/www.castelloconti.it\/wp-content\/uploads\/2026\/01\/buscaglione-300x183.jpg\" alt=\"\" width=\"300\" height=\"183\" srcset=\"https:\/\/www.castelloconti.it\/wp-content\/uploads\/2026\/01\/buscaglione-300x183.jpg 300w, https:\/\/www.castelloconti.it\/wp-content\/uploads\/2026\/01\/buscaglione-18x12.jpg 18w, https:\/\/www.castelloconti.it\/wp-content\/uploads\/2026\/01\/buscaglione.jpg 348w\" sizes=\"auto, (max-width: 300px) 100vw, 300px\" \/><\/p>\n<p data-start=\"394\" data-end=\"712\">Icona assoluta dello swing italiano del dopoguerra, soprattutto negli anni \u201950, ha saputo mescolare ritmi americani e testi ironici, creando un personaggio che era gi\u00e0 teatro, racconto, cinema fatto musica. A riportare in scena il suo universo, sar\u00e0 il gruppo <strong data-start=\"766\" data-end=\"783\">Whiskey Facile<\/strong>: <strong>Luca Borin<\/strong> \u2013 voce, <strong>Daniele Radaelli<\/strong> \u2013 banjo e chitarra, <strong>Massimo Erbetta<\/strong> \u2013 contrabbasso, <strong>Lorenzo Poletti<\/strong> \u2013 fiati, <strong>Andrea Cocco<\/strong> \u2013 batteria<\/p>\n<p>Ad accompagnare la musica, la voce narrante di <strong>Gianni Cerri<\/strong>, grande collezionista e custode di memorie, oggetti &#8211; alcuni dei quali saranno esposti in Cantina &#8211; e storie appartenute all\u2019artista : un racconto che si intreccia alle note e restituisce un Fred vivo, ironico, sorprendente.<\/p>\n<p data-start=\"1078\" data-end=\"1150\">E a quel punto, non si rester\u00e0 pi\u00f9 semplici spettatori, ma si potr\u00e0 entrare<strong>\u00a0in scena!<\/strong> Baster\u00e0 una giacca storta, un gilet, una cravatta lenta, o due baffetti alla Fred e il gioco \u00e8 fatto.<\/p>\n<p data-start=\"293\" data-end=\"440\"><em data-start=\"293\" data-end=\"326\">\u201cSono Fred, dal whisky facile.\u201d<\/em> Cos\u00ec diceva. Oggi, per\u00f2, davanti a un buon <strong data-start=\"372\" data-end=\"380\">Boca<\/strong>, siamo certi che un assaggio non se lo farebbe mancare. E quando c\u2019\u00e8 di mezzo un bicchiere importante, conviene arrivare per tempo, prima che Fred entri in scena e faccia il primo brindisi.<\/p>\n<p data-start=\"574\" data-end=\"670\">Dalle<strong data-start=\"574\" data-end=\"613\"> ore 21,00<\/strong> vi aspettiamo in cantina per la <strong data-start=\"648\" data-end=\"664\">degustazione<\/strong>\u00a0\ud83c\udf77<\/p>\n<p data-start=\"574\" data-end=\"670\">\u2728\u00a0<strong>Posti limitati \u2013 prenotazione obbligatoria<\/strong><\/p>\n<p data-start=\"574\" data-end=\"670\">\ud83d\udccd\u00a0<strong>Dove:<\/strong>\u00a0Castello Conti a Maggiora\u00a0 \u00a0 \u00a0\u23f0\u00a0<strong>Orario:<\/strong> 21:00<br \/>\n\ud83d\udcb6\u00a0<strong>Costo:<\/strong> 30 \u20ac (degustazione di Boca inclusa, accompagnata da specialit\u00e0 locali)<br \/>\n\ud83d\udcc5\u00a0<strong>Prenotazione obbligatoria entro:<\/strong> 14 febbraio 2026<br \/>\n\ud83d\udcde\u00a0<strong>Tel:<\/strong>\u00a0380 320 44 21 \u2013\u00a0\u2709\ufe0f\u00a0<strong>Mail:<\/strong>\u00a0<a href=\"mailto:info@castelloconti.it\">info@castelloconti.it<\/a><\/p>","protected":false},"excerpt":{"rendered":"<p>Nell\u2019ultimo concerto di fine anno, per una notte, non siete stati semplici ospiti, ma clienti abituali di un locale immaginario, sospeso nel tempo. Ora quel locale riapre le porte al&hellip; <a class=\"more-link\" href=\"https:\/\/www.castelloconti.it\/en\/sabato-21-febbraio-a-qualcuno-piace-fred\/\">Continue reading <span class=\"screen-reader-text\">sabato 21 febbraio, ore 21.00: A qualcuno piace Fred<\/span><\/a><\/p>","protected":false},"author":2,"featured_media":0,"comment_status":"closed","ping_status":"closed","sticky":false,"template":"","format":"standard","meta":{"footnotes":""},"categories":[3],"tags":[],"class_list":["post-1493","post","type-post","status-publish","format-standard","hentry","category-eventi","entry"],"_links":{"self":[{"href":"https:\/\/www.castelloconti.it\/en\/wp-json\/wp\/v2\/posts\/1493","targetHints":{"allow":["GET"]}}],"collection":[{"href":"https:\/\/www.castelloconti.it\/en\/wp-json\/wp\/v2\/posts"}],"about":[{"href":"https:\/\/www.castelloconti.it\/en\/wp-json\/wp\/v2\/types\/post"}],"author":[{"embeddable":true,"href":"https:\/\/www.castelloconti.it\/en\/wp-json\/wp\/v2\/users\/2"}],"replies":[{"embeddable":true,"href":"https:\/\/www.castelloconti.it\/en\/wp-json\/wp\/v2\/comments?post=1493"}],"version-history":[{"count":21,"href":"https:\/\/www.castelloconti.it\/en\/wp-json\/wp\/v2\/posts\/1493\/revisions"}],"predecessor-version":[{"id":1558,"href":"https:\/\/www.castelloconti.it\/en\/wp-json\/wp\/v2\/posts\/1493\/revisions\/1558"}],"wp:attachment":[{"href":"https:\/\/www.castelloconti.it\/en\/wp-json\/wp\/v2\/media?parent=1493"}],"wp:term":[{"taxonomy":"category","embeddable":true,"href":"https:\/\/www.castelloconti.it\/en\/wp-json\/wp\/v2\/categories?post=1493"},{"taxonomy":"post_tag","embeddable":true,"href":"https:\/\/www.castelloconti.it\/en\/wp-json\/wp\/v2\/tags?post=1493"}],"curies":[{"name":"wp","href":"https:\/\/api.w.org\/{rel}","templated":true}]}}